{"id":1275,"date":"2023-02-05T18:26:55","date_gmt":"2023-02-05T18:26:55","guid":{"rendered":"https:\/\/routiers-glarus.ch\/?p=1275"},"modified":"2023-03-08T18:10:51","modified_gmt":"2023-03-08T18:10:51","slug":"schlittelplausch-2023","status":"publish","type":"post","link":"https:\/\/routiers-glarus.ch\/?p=1275","title":{"rendered":"Schlittelplausch 2023"},"content":{"rendered":"\n<p>Voller Elan starteten wir am 5. Februar zum ersten Vereinsanlass im Jahr 2023. Schlittel und Wanderfreudige Mitglieder der Sektion Glarus mit Familie oder Partner versammelten sich bei der Talstation Weissenberge in Matt. Nach einem kurzen Hallo wurde die Bahn bestiegen und schon waren wir auf 1266m\u00fcM.<\/p>\n\n\n\n<p>Nach einem kurzen Fussmarsch erreichten wir das Berggasthaus Edelwyss. Dort war zum Gl\u00fcck unser Platz reserviert. Es herrschte reger Betrieb. Familie Marti und ihr Team hatten alle H\u00e4nde voll zu tun. Trotz allem genossen alle ein sehr feines Mittagessen. Plauderten und Diskutierten \u00fcber dies und das, die Zeit verging\u2026 Das Dessert inkl. Kaffee wurde von der Sektion spendiert. Herzlichen Dank!<\/p>\n\n\n\n<p>Die Kinder verweilten bereits im Schnee und genossen die ersten fallenden Schneeflocken bei einer Schneeballschlacht mit Trudi. Die zwei Wanderfreudigen, Enrico und D\u00fcbi machten sich bereits auf den Weg. Sie wollten noch etwas Vorsprung einholen\u2026 Langsam kam die Zeit des Aufbruchs. Jeder packte seinen Schlitten und begab sich in Startposition. Die ersten d\u00fcsten z\u00fcgig davon. Ob das am neuen Schlitten lag? Der Rest kam jedenfalls gem\u00fctlich hinterher. Jedoch wurden wir von Skifahrern \u00fcberholt\u2026 Waren wir doch zu langsam?? Ich glaube nicht, die Schlittelpiste war n\u00e4mlich viel besser als gedacht. Ideal f\u00fcr eine Schlittenfahrt trotz den eher schwierigen Wetterverh\u00e4ltnissen der letzten Tage. Ins Ziel kamen jedenfalls alle, sei es per Bahn, mit dem Schlitten oder auch zu Fuss der Piste entlang. Unten angekommen wurde noch das Abschlussfoto geschossen. Die einen wagten gleich noch eine Runde uf dem Schlitten und andere begaben sich auf den Heimweg.<\/p>\n\n\n\n<p>Ich w\u00fcrde sagen ein gelungener erster Anlass. Herzlichen Dank allen Teilnehmern.&nbsp;&nbsp;&nbsp;&nbsp;&nbsp;&nbsp;&nbsp;&nbsp; <\/p>\n\n\n\n<p>Weiter geht\u2019s am 18. M\u00e4rz 2023 mit der Generalversammlung. Anmelden nicht vergessen!<\/p>\n\n\n\n<p> www.routiers-glarus.ch<\/p>\n\n\n\n<p>Daniela R\u00f6thlin &nbsp;&nbsp;&nbsp;&nbsp;&nbsp;&nbsp;&nbsp;&nbsp;&nbsp;&nbsp;&nbsp;&nbsp;&nbsp;&nbsp;&nbsp;<\/p>\n\n\n\n<figure class=\"wp-block-image size-full\"><img loading=\"lazy\" decoding=\"async\" width=\"1024\" height=\"768\" src=\"https:\/\/routiers-glarus.ch\/wp-content\/uploads\/2023\/02\/Bild-27.jpg\" alt=\"\" class=\"wp-image-1276\" srcset=\"https:\/\/routiers-glarus.ch\/wp-content\/uploads\/2023\/02\/Bild-27.jpg 1024w, https:\/\/routiers-glarus.ch\/wp-content\/uploads\/2023\/02\/Bild-27-300x225.jpg 300w, https:\/\/routiers-glarus.ch\/wp-content\/uploads\/2023\/02\/Bild-27-768x576.jpg 768w, https:\/\/routiers-glarus.ch\/wp-content\/uploads\/2023\/02\/Bild-27-600x450.jpg 600w, https:\/\/routiers-glarus.ch\/wp-content\/uploads\/2023\/02\/Bild-27-213x160.jpg 213w\" sizes=\"auto, (max-width: 1024px) 100vw, 1024px\" \/><\/figure>\n","protected":false},"excerpt":{"rendered":"<p>Voller Elan starteten wir am 5. Februar zum ersten Vereinsanlass im Jahr 2023. Schlittel und Wanderfreudige Mitglieder der Sektion Glarus mit Familie oder Partner versammelten sich bei der Talstation Weissenberge in Matt. Nach einem kurzen Hallo wurde die Bahn bestiegen und schon waren wir auf 1266m\u00fcM. Nach einem kurzen Fussmarsch erreichten wir das Berggasthaus Edelwyss. [&hellip;]<\/p>\n","protected":false},"author":1,"featured_media":0,"comment_status":"open","ping_status":"open","sticky":false,"template":"","format":"standard","meta":{"footnotes":""},"categories":[39],"tags":[],"class_list":["post-1275","post","type-post","status-publish","format-standard","hentry","category-eventbericht","entry"],"_links":{"self":[{"href":"https:\/\/routiers-glarus.ch\/index.php?rest_route=\/wp\/v2\/posts\/1275","targetHints":{"allow":["GET"]}}],"collection":[{"href":"https:\/\/routiers-glarus.ch\/index.php?rest_route=\/wp\/v2\/posts"}],"about":[{"href":"https:\/\/routiers-glarus.ch\/index.php?rest_route=\/wp\/v2\/types\/post"}],"author":[{"embeddable":true,"href":"https:\/\/routiers-glarus.ch\/index.php?rest_route=\/wp\/v2\/users\/1"}],"replies":[{"embeddable":true,"href":"https:\/\/routiers-glarus.ch\/index.php?rest_route=%2Fwp%2Fv2%2Fcomments&post=1275"}],"version-history":[{"count":3,"href":"https:\/\/routiers-glarus.ch\/index.php?rest_route=\/wp\/v2\/posts\/1275\/revisions"}],"predecessor-version":[{"id":1370,"href":"https:\/\/routiers-glarus.ch\/index.php?rest_route=\/wp\/v2\/posts\/1275\/revisions\/1370"}],"wp:attachment":[{"href":"https:\/\/routiers-glarus.ch\/index.php?rest_route=%2Fwp%2Fv2%2Fmedia&parent=1275"}],"wp:term":[{"taxonomy":"category","embeddable":true,"href":"https:\/\/routiers-glarus.ch\/index.php?rest_route=%2Fwp%2Fv2%2Fcategories&post=1275"},{"taxonomy":"post_tag","embeddable":true,"href":"https:\/\/routiers-glarus.ch\/index.php?rest_route=%2Fwp%2Fv2%2Ftags&post=1275"}],"curies":[{"name":"wp","href":"https:\/\/api.w.org\/{rel}","templated":true}]}}