{"id":1457,"date":"2023-04-07T08:25:07","date_gmt":"2023-04-07T08:25:07","guid":{"rendered":"https:\/\/routiers-glarus.ch\/?p=1457"},"modified":"2023-04-23T16:54:50","modified_gmt":"2023-04-23T16:54:50","slug":"generalversammlung-2023","status":"publish","type":"post","link":"https:\/\/routiers-glarus.ch\/?p=1457","title":{"rendered":"Generalversammlung 2023"},"content":{"rendered":"\n<p><\/p>\n\n\n\n<p>Am Samstag 18 M\u00e4rz 2023 fand im Saal des Restaurant Sch\u00fctzenhaus in Glarus die 57. Generalversammlung der Sektion Glarus statt. Nach einem kurzen Wort des Pr\u00e4sidenten durften wir als erstes ein feines Nachtessen geniessen. Nach dem der Hunger gestillt war, ging die Versammlung los.<\/p>\n\n\n\n<p>Pr\u00e4sident Berni Schnyder begr\u00fcsste im Namen des Vorstandes alle Mitglieder, Ehrenmitglieder und G\u00e4ste aus anderen Sektionen. Speziell wurde Franz Inauen von Les Routiers Suisses begr\u00fcsst. Mit 73 stimmberechtigten Mitgliedern wurden z\u00fcgig alle Traktanden durchgearbeitet. Jahresbericht des Pr\u00e4sidenten, Zentralvorstand sowie Kassa- und Revisorenbericht wurden verlesen und angenommen. Weiter wurde f\u00fcr den verstorbenen Mike Gallati eine Schweigeminute eingelegt.<\/p>\n\n\n\n<p>Der Pr\u00e4sident wie auch der Kassier wurden mit Applaus f\u00fcr eine weiteres Jahr gew\u00e4hlt. Der restliche Sektionsvorstand wurde in Globo einstimmig f\u00fcr eine weitere Amtsperiode gew\u00e4hlt. F\u00fcr den demissionierten Christian Schnyder wurde Daniel Gehrig vorgeschlagen und einstimmig als Revisor gew\u00e4hlt. Da keine Antr\u00e4ge hervorgingen wurde noch das Jahresprogramm verlesen. Mit Stolz und grosser Freude durften Ehrungen durchgef\u00fchrt werden. So wurde Hanspeter Kamm zum Ehrenmitglied ernannt. Das 25-j\u00e4hrige Jubil\u00e4um durften Marco Mettler, Alfred Z\u00fcger und Peter Rickenbacher feiern. F\u00fcr 50 Jahre Sektionsmitglied wurden Peter Mohler, Meinrad Tschudi und Josef Raimann geehrt. Alle erhielten einen tosenden Applaus und durften ihr Diplom beim Pr\u00e4sidenten abholen. Nach dem Franz Inauen noch einiges berichtete und auch unser Pr\u00e4sident bereits zum Schlusswort kam, war der offizielle Teil hiermit beendet. Bereits kurze Zeit sp\u00e4ter wurde das Dessert serviert und wir durften den Abend in geselliger und gem\u00fctlicher Runde ausklingen lassen.&nbsp; Besten Dank an alle treuen Mitglieder f\u00fcr ihr erscheinen.<\/p>\n\n\n\n<p>Das n\u00e4chste mal treffen wir uns am 11. Juni 23 im G\u00e4si zum allj\u00e4hrlichen Grillplausch. Bitte um Anmeldung bis sp\u00e4testens 4. Juni 23<\/p>\n\n\n\n<p>&nbsp;&nbsp;&nbsp;&nbsp;&nbsp;&nbsp;&nbsp;&nbsp;&nbsp;&nbsp;&nbsp;&nbsp;&nbsp;&nbsp;&nbsp;&nbsp;&nbsp;&nbsp;&nbsp;&nbsp;&nbsp;&nbsp;&nbsp;&nbsp;&nbsp;&nbsp;&nbsp;&nbsp;&nbsp;&nbsp;&nbsp;&nbsp;&nbsp;&nbsp;&nbsp;&nbsp;&nbsp;&nbsp;&nbsp;&nbsp;&nbsp;&nbsp;&nbsp;&nbsp;&nbsp;&nbsp;&nbsp;&nbsp;&nbsp;&nbsp;&nbsp;&nbsp;&nbsp;&nbsp;&nbsp;&nbsp;&nbsp;&nbsp;&nbsp;&nbsp;&nbsp;&nbsp;&nbsp;&nbsp;&nbsp;&nbsp;&nbsp;&nbsp;&nbsp;&nbsp;&nbsp;&nbsp;&nbsp;&nbsp;&nbsp;&nbsp;&nbsp;&nbsp;&nbsp;&nbsp;&nbsp;&nbsp;&nbsp;&nbsp;&nbsp;&nbsp;&nbsp;&nbsp;&nbsp;&nbsp;&nbsp;&nbsp;&nbsp;&nbsp;&nbsp;&nbsp;&nbsp;&nbsp;&nbsp;&nbsp;&nbsp;&nbsp;&nbsp;&nbsp;&nbsp;&nbsp;&nbsp;&nbsp;&nbsp;&nbsp;&nbsp;&nbsp;&nbsp;&nbsp;&nbsp;&nbsp;&nbsp;&nbsp;&nbsp;&nbsp;&nbsp;&nbsp;&nbsp;&nbsp;&nbsp;&nbsp;&nbsp;&nbsp;&nbsp;&nbsp;&nbsp;&nbsp;&nbsp;&nbsp; &nbsp;                                                                              Daniela R\u00f6thlin<br><\/p>\n\n\n\n<figure class=\"wp-block-image size-large is-resized\"><img loading=\"lazy\" decoding=\"async\" src=\"https:\/\/routiers-glarus.ch\/wp-content\/uploads\/2023\/04\/Ehrenmitglied-H.Kamm_-683x1024.jpg\" alt=\"\" class=\"wp-image-1463\" width=\"254\" height=\"380\" srcset=\"https:\/\/routiers-glarus.ch\/wp-content\/uploads\/2023\/04\/Ehrenmitglied-H.Kamm_-683x1024.jpg 683w, https:\/\/routiers-glarus.ch\/wp-content\/uploads\/2023\/04\/Ehrenmitglied-H.Kamm_-200x300.jpg 200w, https:\/\/routiers-glarus.ch\/wp-content\/uploads\/2023\/04\/Ehrenmitglied-H.Kamm_-768x1152.jpg 768w, https:\/\/routiers-glarus.ch\/wp-content\/uploads\/2023\/04\/Ehrenmitglied-H.Kamm_-1024x1536.jpg 1024w, https:\/\/routiers-glarus.ch\/wp-content\/uploads\/2023\/04\/Ehrenmitglied-H.Kamm_-1365x2048.jpg 1365w, https:\/\/routiers-glarus.ch\/wp-content\/uploads\/2023\/04\/Ehrenmitglied-H.Kamm_-400x600.jpg 400w, https:\/\/routiers-glarus.ch\/wp-content\/uploads\/2023\/04\/Ehrenmitglied-H.Kamm_-107x160.jpg 107w, https:\/\/routiers-glarus.ch\/wp-content\/uploads\/2023\/04\/Ehrenmitglied-H.Kamm_-scaled.jpg 1707w\" sizes=\"auto, (max-width: 254px) 100vw, 254px\" \/><\/figure>\n\n\n\n<figure class=\"wp-block-image size-large is-resized\"><img loading=\"lazy\" decoding=\"async\" src=\"https:\/\/routiers-glarus.ch\/wp-content\/uploads\/2023\/04\/Jubilar-GV23-50-Jahre-683x1024.jpg\" alt=\"\" class=\"wp-image-1464\" width=\"255\" height=\"381\" srcset=\"https:\/\/routiers-glarus.ch\/wp-content\/uploads\/2023\/04\/Jubilar-GV23-50-Jahre-683x1024.jpg 683w, https:\/\/routiers-glarus.ch\/wp-content\/uploads\/2023\/04\/Jubilar-GV23-50-Jahre-200x300.jpg 200w, https:\/\/routiers-glarus.ch\/wp-content\/uploads\/2023\/04\/Jubilar-GV23-50-Jahre-107x160.jpg 107w, https:\/\/routiers-glarus.ch\/wp-content\/uploads\/2023\/04\/Jubilar-GV23-50-Jahre-scaled.jpg 1707w\" sizes=\"auto, (max-width: 255px) 100vw, 255px\" \/><\/figure>\n\n\n\n<figure class=\"wp-block-image size-large is-resized\"><img loading=\"lazy\" decoding=\"async\" src=\"https:\/\/routiers-glarus.ch\/wp-content\/uploads\/2023\/04\/Jubilaren-GV23-25-Jahre-1024x683.jpg\" alt=\"\" class=\"wp-image-1465\" width=\"539\" height=\"359\" srcset=\"https:\/\/routiers-glarus.ch\/wp-content\/uploads\/2023\/04\/Jubilaren-GV23-25-Jahre-1024x683.jpg 1024w, https:\/\/routiers-glarus.ch\/wp-content\/uploads\/2023\/04\/Jubilaren-GV23-25-Jahre-300x200.jpg 300w, https:\/\/routiers-glarus.ch\/wp-content\/uploads\/2023\/04\/Jubilaren-GV23-25-Jahre-768x512.jpg 768w, https:\/\/routiers-glarus.ch\/wp-content\/uploads\/2023\/04\/Jubilaren-GV23-25-Jahre-1536x1024.jpg 1536w, https:\/\/routiers-glarus.ch\/wp-content\/uploads\/2023\/04\/Jubilaren-GV23-25-Jahre-2048x1365.jpg 2048w, https:\/\/routiers-glarus.ch\/wp-content\/uploads\/2023\/04\/Jubilaren-GV23-25-Jahre-600x400.jpg 600w, https:\/\/routiers-glarus.ch\/wp-content\/uploads\/2023\/04\/Jubilaren-GV23-25-Jahre-240x160.jpg 240w\" sizes=\"auto, (max-width: 539px) 100vw, 539px\" \/><\/figure>\n","protected":false},"excerpt":{"rendered":"<p>Am Samstag 18 M\u00e4rz 2023 fand im Saal des Restaurant Sch\u00fctzenhaus in Glarus die 57. Generalversammlung der Sektion Glarus statt. Nach einem kurzen Wort des Pr\u00e4sidenten durften wir als erstes ein feines Nachtessen geniessen. Nach dem der Hunger gestillt war, ging die Versammlung los. Pr\u00e4sident Berni Schnyder begr\u00fcsste im Namen des Vorstandes alle Mitglieder, Ehrenmitglieder [&hellip;]<\/p>\n","protected":false},"author":1,"featured_media":0,"comment_status":"open","ping_status":"open","sticky":false,"template":"","format":"standard","meta":{"footnotes":""},"categories":[39],"tags":[],"class_list":["post-1457","post","type-post","status-publish","format-standard","hentry","category-eventbericht","entry"],"_links":{"self":[{"href":"https:\/\/routiers-glarus.ch\/index.php?rest_route=\/wp\/v2\/posts\/1457","targetHints":{"allow":["GET"]}}],"collection":[{"href":"https:\/\/routiers-glarus.ch\/index.php?rest_route=\/wp\/v2\/posts"}],"about":[{"href":"https:\/\/routiers-glarus.ch\/index.php?rest_route=\/wp\/v2\/types\/post"}],"author":[{"embeddable":true,"href":"https:\/\/routiers-glarus.ch\/index.php?rest_route=\/wp\/v2\/users\/1"}],"replies":[{"embeddable":true,"href":"https:\/\/routiers-glarus.ch\/index.php?rest_route=%2Fwp%2Fv2%2Fcomments&post=1457"}],"version-history":[{"count":6,"href":"https:\/\/routiers-glarus.ch\/index.php?rest_route=\/wp\/v2\/posts\/1457\/revisions"}],"predecessor-version":[{"id":1468,"href":"https:\/\/routiers-glarus.ch\/index.php?rest_route=\/wp\/v2\/posts\/1457\/revisions\/1468"}],"wp:attachment":[{"href":"https:\/\/routiers-glarus.ch\/index.php?rest_route=%2Fwp%2Fv2%2Fmedia&parent=1457"}],"wp:term":[{"taxonomy":"category","embeddable":true,"href":"https:\/\/routiers-glarus.ch\/index.php?rest_route=%2Fwp%2Fv2%2Fcategories&post=1457"},{"taxonomy":"post_tag","embeddable":true,"href":"https:\/\/routiers-glarus.ch\/index.php?rest_route=%2Fwp%2Fv2%2Ftags&post=1457"}],"curies":[{"name":"wp","href":"https:\/\/api.w.org\/{rel}","templated":true}]}}