{"id":1777,"date":"2023-08-13T17:21:09","date_gmt":"2023-08-13T17:21:09","guid":{"rendered":"https:\/\/routiers-glarus.ch\/?p=1777"},"modified":"2023-09-03T15:51:29","modified_gmt":"2023-09-03T15:51:29","slug":"velotour-2023","status":"publish","type":"post","link":"https:\/\/routiers-glarus.ch\/?p=1777","title":{"rendered":"Velotour 2023"},"content":{"rendered":"\n<p>Am Sonntag 13 August 2023 traf sich die Sektion Glarus zur ersten Velotour. Gestartet wurde um 9 Uhr beim Betonwerk Grynau. Von dort f\u00fchrte die Route zuerst Richtung Benken. Dort teilten wir uns auf. Die gem\u00fctliche Tour dem B\u00fcchel entlang, die Biker fuhren \u00fcber den Benkner B\u00fcchel mit Treffpunkt M\u00f6sli. Weiter f\u00fchrte die Tour via Reichenburg durch s Riet bis nach Siebnen und dann Richtung Wangen. Das erste Ziel war erreicht und wir machten am Flugplatz Wangen einen Kaffeehalt. Zur Abk\u00fchlung gabs k\u00fchle Getr\u00e4nke, Kaffee und Gipfeli oder wer mochte auch ein Sandwich. Nach dieser St\u00e4rkung gings weiter nach Nuolen. Von dort f\u00fchrte die Flachland Tour via Wangen Richtung Tuggen und die Bikende Gruppe fuhr \u00fcber den Golfpark Nuolen. Das n\u00e4chste Ziel war der Stall von Heinz Janser in Tuggen. Dank Berni und Ritas fr\u00fchen Einsatzes gabs k\u00fchle Getr\u00e4nke und auch der Grill war schon bereit f\u00fcr Grillmeister Enrico. W\u00e4hrend dieser Rast durften wir das Mittagessen geniessen und verweilten bei interessanten Gespr\u00e4chen. Herzlichen Dank an Heinz f\u00fcr das Gastrecht!&nbsp;&nbsp; &nbsp;&nbsp;&nbsp;&nbsp;&nbsp;&nbsp;&nbsp;Der Endspurt dieser Tour f\u00fchrte uns durchs Tuggner Riet zur Grynau zur\u00fcck. Dort gabs zum Tagesabschluss ein feines Glace.<\/p>\n\n\n\n<p>Es wurden keine Blessuren, St\u00fcrze oder Pannen verzeichnet. Herzlichen Dank allen Teilnehmern und Mitwirkenden f\u00fcr diesen gelungen und gem\u00fctlichen Anlass der hoffentlich wieder stattfinden wird.<\/p>\n\n\n\n<p>Am Sonntag 3 September findet der Brunch im Tru Bistro statt. Weitere Infos und Anmeldung unter:&nbsp; www.routiers-glarus.ch<\/p>\n\n\n\n<p>Daniela R\u00f6thlin<\/p>\n\n\n\n<div class=\"wp-block-envira-envira-gallery\"><div id=\"envira-gallery-wrap-1778\" class=\"envira-gallery-wrap envira-gallery-theme-base envira-lightbox-theme-base\" itemscope itemtype=\"https:\/\/schema.org\/ImageGallery\"><div data-row-height=\"150\" data-gallery-theme=\"normal\" id=\"envira-gallery-1778\" class=\"envira-gallery-public envira-gallery-justified-public envira-gallery-0-columns envira-clear enviratope envira-gallery-css-animations\" data-envira-columns=\"0\"><div id=\"envira-gallery-item-1719\" class=\"envira-gallery-item enviratope-item envira-gallery-item-1 envira-lazy-load\" style=\"padding-left: 1px; padding-bottom: 1px; padding-right: 1px;\"  itemscope itemtype=\"https:\/\/schema.org\/ImageObject\"><div class=\"envira-gallery-item-inner\"><div class=\"envira-gallery-position-overlay  envira-gallery-top-left\"><\/div><div class=\"envira-gallery-position-overlay  envira-gallery-top-right\"><\/div><div class=\"envira-gallery-position-overlay  envira-gallery-bottom-left\"><\/div><div class=\"envira-gallery-position-overlay  envira-gallery-bottom-right\"><\/div><a href=\"https:\/\/routiers-glarus.ch\/wp-content\/uploads\/2023\/08\/Velotour-2023-Foto-1.jpg\" class=\"envira-gallery-1778 envira-gallery-link\" rel=\"enviragallery1778\" title=\"Velotour 2023 Foto 1\" data-envira-caption=\"Velotour 2023 Foto 1\" data-envira-retina=\"\" data-thumbnail=\"\"  itemprop=\"contentUrl\"><img decoding=\"async\" id=\"envira-gallery-image-1719\" class=\"envira-gallery-image envira-gallery-image-1 envira-normal envira-lazy\" data-envira-index=\"1\" src=\"https:\/\/routiers-glarus.ch\/wp-content\/uploads\/2023\/08\/Velotour-2023-Foto-1.jpg\" data-envira-src=\"https:\/\/routiers-glarus.ch\/wp-content\/uploads\/2023\/08\/Velotour-2023-Foto-1.jpg\" data-envira-gallery-id=\"1778\" data-envira-item-id=\"1719\" data-envira-caption=\"Velotour 2023 Foto 1\" alt=\"\" title=\"Velotour 2023 Foto 1\"  itemprop=\"thumbnailUrl\" data-envira-srcset=\"https:\/\/routiers-glarus.ch\/wp-content\/uploads\/2023\/08\/Velotour-2023-Foto-1.jpg 400w,https:\/\/routiers-glarus.ch\/wp-content\/uploads\/2023\/08\/Velotour-2023-Foto-1.jpg 2x\" data-envira-width=\"300\" data-envira-height=\"225\" srcset=\"data:image\/gif;base64,R0lGODlhAQABAIAAAP\/\/\/\/\/\/\/yH5BAEKAAEALAAAAAABAAEAAAICTAEAOw==\" data-safe-src=\"data:image\/gif;base64,R0lGODlhAQABAIAAAP\/\/\/\/\/\/\/yH5BAEKAAEALAAAAAABAAEAAAICTAEAOw==\" \/><\/a><\/div><\/div><div id=\"envira-gallery-item-1775\" class=\"envira-gallery-item enviratope-item envira-gallery-item-2 envira-lazy-load\" style=\"padding-left: 1px; padding-bottom: 1px; padding-right: 1px;\"  itemscope itemtype=\"https:\/\/schema.org\/ImageObject\"><div class=\"envira-gallery-item-inner\"><div class=\"envira-gallery-position-overlay  envira-gallery-top-left\"><\/div><div class=\"envira-gallery-position-overlay  envira-gallery-top-right\"><\/div><div class=\"envira-gallery-position-overlay  envira-gallery-bottom-left\"><\/div><div class=\"envira-gallery-position-overlay  envira-gallery-bottom-right\"><\/div><a href=\"https:\/\/routiers-glarus.ch\/wp-content\/uploads\/2023\/08\/Velotour-2023-Foto-58.jpg\" class=\"envira-gallery-1778 envira-gallery-link\" rel=\"enviragallery1778\" title=\"Velotour 2023 Foto 58\" data-envira-caption=\"Velotour 2023 Foto 58\" data-envira-retina=\"\" data-thumbnail=\"\"  itemprop=\"contentUrl\"><img decoding=\"async\" id=\"envira-gallery-image-1775\" class=\"envira-gallery-image envira-gallery-image-2 envira-normal envira-lazy\" data-envira-index=\"2\" src=\"https:\/\/routiers-glarus.ch\/wp-content\/uploads\/2023\/08\/Velotour-2023-Foto-58-1024x768-640x480.jpg\" data-envira-src=\"https:\/\/routiers-glarus.ch\/wp-content\/uploads\/2023\/08\/Velotour-2023-Foto-58-1024x768-640x480.jpg\" data-envira-gallery-id=\"1778\" data-envira-item-id=\"1775\" data-envira-caption=\"Velotour 2023 Foto 58\" alt=\"\" title=\"Velotour 2023 Foto 58\"  itemprop=\"thumbnailUrl\" data-envira-srcset=\"https:\/\/routiers-glarus.ch\/wp-content\/uploads\/2023\/08\/Velotour-2023-Foto-58-1024x768-640x480.jpg 400w,https:\/\/routiers-glarus.ch\/wp-content\/uploads\/2023\/08\/Velotour-2023-Foto-58-1024x768-640x480.jpg 2x\" data-envira-width=\"300\" data-envira-height=\"225\" srcset=\"data:image\/gif;base64,R0lGODlhAQABAIAAAP\/\/\/\/\/\/\/yH5BAEKAAEALAAAAAABAAEAAAICTAEAOw==\" data-safe-src=\"data:image\/gif;base64,R0lGODlhAQABAIAAAP\/\/\/\/\/\/\/yH5BAEKAAEALAAAAAABAAEAAAICTAEAOw==\" \/><\/a><\/div><\/div><div id=\"envira-gallery-item-1732\" class=\"envira-gallery-item enviratope-item envira-gallery-item-3 envira-lazy-load\" style=\"padding-left: 1px; padding-bottom: 1px; padding-right: 1px;\"  itemscope itemtype=\"https:\/\/schema.org\/ImageObject\"><div class=\"envira-gallery-item-inner\"><div class=\"envira-gallery-position-overlay  envira-gallery-top-left\"><\/div><div class=\"envira-gallery-position-overlay  envira-gallery-top-right\"><\/div><div class=\"envira-gallery-position-overlay  envira-gallery-bottom-left\"><\/div><div class=\"envira-gallery-position-overlay  envira-gallery-bottom-right\"><\/div><a href=\"https:\/\/routiers-glarus.ch\/wp-content\/uploads\/2023\/08\/Velotour-2023-Foto-14.jpg\" class=\"envira-gallery-1778 envira-gallery-link\" rel=\"enviragallery1778\" title=\"Velotour 2023 Foto 14\" data-envira-caption=\"Velotour 2023 Foto 14\" data-envira-retina=\"\" data-thumbnail=\"\"  itemprop=\"contentUrl\"><img decoding=\"async\" id=\"envira-gallery-image-1732\" class=\"envira-gallery-image envira-gallery-image-3 envira-normal envira-lazy\" data-envira-index=\"3\" src=\"https:\/\/routiers-glarus.ch\/wp-content\/uploads\/2023\/08\/Velotour-2023-Foto-14.jpg\" data-envira-src=\"https:\/\/routiers-glarus.ch\/wp-content\/uploads\/2023\/08\/Velotour-2023-Foto-14.jpg\" data-envira-gallery-id=\"1778\" data-envira-item-id=\"1732\" data-envira-caption=\"Velotour 2023 Foto 14\" alt=\"\" title=\"Velotour 2023 Foto 14\"  itemprop=\"thumbnailUrl\" data-envira-srcset=\"https:\/\/routiers-glarus.ch\/wp-content\/uploads\/2023\/08\/Velotour-2023-Foto-14.jpg 400w,https:\/\/routiers-glarus.ch\/wp-content\/uploads\/2023\/08\/Velotour-2023-Foto-14.jpg 2x\" data-envira-width=\"300\" data-envira-height=\"225\" srcset=\"data:image\/gif;base64,R0lGODlhAQABAIAAAP\/\/\/\/\/\/\/yH5BAEKAAEALAAAAAABAAEAAAICTAEAOw==\" data-safe-src=\"data:image\/gif;base64,R0lGODlhAQABAIAAAP\/\/\/\/\/\/\/yH5BAEKAAEALAAAAAABAAEAAAICTAEAOw==\" \/><\/a><\/div><\/div><div id=\"envira-gallery-item-1723\" class=\"envira-gallery-item enviratope-item envira-gallery-item-4 envira-lazy-load\" style=\"padding-left: 1px; padding-bottom: 1px; padding-right: 1px;\"  itemscope itemtype=\"https:\/\/schema.org\/ImageObject\"><div class=\"envira-gallery-item-inner\"><div class=\"envira-gallery-position-overlay  envira-gallery-top-left\"><\/div><div class=\"envira-gallery-position-overlay  envira-gallery-top-right\"><\/div><div class=\"envira-gallery-position-overlay  envira-gallery-bottom-left\"><\/div><div class=\"envira-gallery-position-overlay  envira-gallery-bottom-right\"><\/div><a href=\"https:\/\/routiers-glarus.ch\/wp-content\/uploads\/2023\/08\/Velotour-2023-Foto-5.jpg\" class=\"envira-gallery-1778 envira-gallery-link\" rel=\"enviragallery1778\" title=\"Velotour 2023 Foto 5\" data-envira-caption=\"Velotour 2023 Foto 5\" data-envira-retina=\"\" data-thumbnail=\"\"  itemprop=\"contentUrl\"><img decoding=\"async\" id=\"envira-gallery-image-1723\" class=\"envira-gallery-image envira-gallery-image-4 envira-normal envira-lazy\" data-envira-index=\"4\" src=\"https:\/\/routiers-glarus.ch\/wp-content\/uploads\/2023\/08\/Velotour-2023-Foto-5-640x480.jpg\" data-envira-src=\"https:\/\/routiers-glarus.ch\/wp-content\/uploads\/2023\/08\/Velotour-2023-Foto-5-640x480.jpg\" data-envira-gallery-id=\"1778\" data-envira-item-id=\"1723\" data-envira-caption=\"Velotour 2023 Foto 5\" alt=\"\" title=\"Velotour 2023 Foto 5\"  itemprop=\"thumbnailUrl\" data-envira-srcset=\"https:\/\/routiers-glarus.ch\/wp-content\/uploads\/2023\/08\/Velotour-2023-Foto-5-640x480.jpg 400w,https:\/\/routiers-glarus.ch\/wp-content\/uploads\/2023\/08\/Velotour-2023-Foto-5-640x480.jpg 2x\" data-envira-width=\"253\" data-envira-height=\"300\" srcset=\"data:image\/gif;base64,R0lGODlhAQABAIAAAP\/\/\/\/\/\/\/yH5BAEKAAEALAAAAAABAAEAAAICTAEAOw==\" data-safe-src=\"data:image\/gif;base64,R0lGODlhAQABAIAAAP\/\/\/\/\/\/\/yH5BAEKAAEALAAAAAABAAEAAAICTAEAOw==\" \/><\/a><\/div><\/div><div id=\"envira-gallery-item-1755\" class=\"envira-gallery-item enviratope-item envira-gallery-item-5 envira-lazy-load\" style=\"padding-left: 1px; padding-bottom: 1px; padding-right: 1px;\"  itemscope itemtype=\"https:\/\/schema.org\/ImageObject\"><div class=\"envira-gallery-item-inner\"><div class=\"envira-gallery-position-overlay  envira-gallery-top-left\"><\/div><div class=\"envira-gallery-position-overlay  envira-gallery-top-right\"><\/div><div class=\"envira-gallery-position-overlay  envira-gallery-bottom-left\"><\/div><div class=\"envira-gallery-position-overlay  envira-gallery-bottom-right\"><\/div><a href=\"https:\/\/routiers-glarus.ch\/wp-content\/uploads\/2023\/08\/Velotour-2023-Foto-37.jpg\" class=\"envira-gallery-1778 envira-gallery-link\" rel=\"enviragallery1778\" title=\"Velotour 2023 Foto 37\" data-envira-caption=\"Velotour 2023 Foto 37\" data-envira-retina=\"\" data-thumbnail=\"\"  itemprop=\"contentUrl\"><img decoding=\"async\" id=\"envira-gallery-image-1755\" class=\"envira-gallery-image envira-gallery-image-5 envira-normal envira-lazy\" data-envira-index=\"5\" src=\"https:\/\/routiers-glarus.ch\/wp-content\/uploads\/2023\/08\/Velotour-2023-Foto-37.jpg\" data-envira-src=\"https:\/\/routiers-glarus.ch\/wp-content\/uploads\/2023\/08\/Velotour-2023-Foto-37.jpg\" data-envira-gallery-id=\"1778\" data-envira-item-id=\"1755\" data-envira-caption=\"Velotour 2023 Foto 37\" alt=\"\" title=\"Velotour 2023 Foto 37\"  itemprop=\"thumbnailUrl\" data-envira-srcset=\"https:\/\/routiers-glarus.ch\/wp-content\/uploads\/2023\/08\/Velotour-2023-Foto-37.jpg 400w,https:\/\/routiers-glarus.ch\/wp-content\/uploads\/2023\/08\/Velotour-2023-Foto-37.jpg 2x\" data-envira-width=\"300\" data-envira-height=\"225\" srcset=\"data:image\/gif;base64,R0lGODlhAQABAIAAAP\/\/\/\/\/\/\/yH5BAEKAAEALAAAAAABAAEAAAICTAEAOw==\" data-safe-src=\"data:image\/gif;base64,R0lGODlhAQABAIAAAP\/\/\/\/\/\/\/yH5BAEKAAEALAAAAAABAAEAAAICTAEAOw==\" \/><\/a><\/div><\/div><div id=\"envira-gallery-item-1758\" class=\"envira-gallery-item enviratope-item envira-gallery-item-6 envira-lazy-load\" style=\"padding-left: 1px; padding-bottom: 1px; padding-right: 1px;\"  itemscope itemtype=\"https:\/\/schema.org\/ImageObject\"><div class=\"envira-gallery-item-inner\"><div class=\"envira-gallery-position-overlay  envira-gallery-top-left\"><\/div><div class=\"envira-gallery-position-overlay  envira-gallery-top-right\"><\/div><div class=\"envira-gallery-position-overlay  envira-gallery-bottom-left\"><\/div><div class=\"envira-gallery-position-overlay  envira-gallery-bottom-right\"><\/div><a href=\"https:\/\/routiers-glarus.ch\/wp-content\/uploads\/2023\/08\/Velotour-2023-Foto-40.jpg\" class=\"envira-gallery-1778 envira-gallery-link\" rel=\"enviragallery1778\" title=\"Velotour 2023 Foto 40\" data-envira-caption=\"Velotour 2023 Foto 40\" data-envira-retina=\"\" data-thumbnail=\"\"  itemprop=\"contentUrl\"><img decoding=\"async\" id=\"envira-gallery-image-1758\" class=\"envira-gallery-image envira-gallery-image-6 envira-normal envira-lazy\" data-envira-index=\"6\" src=\"https:\/\/routiers-glarus.ch\/wp-content\/uploads\/2023\/08\/Velotour-2023-Foto-40.jpg\" data-envira-src=\"https:\/\/routiers-glarus.ch\/wp-content\/uploads\/2023\/08\/Velotour-2023-Foto-40.jpg\" data-envira-gallery-id=\"1778\" data-envira-item-id=\"1758\" data-envira-caption=\"Velotour 2023 Foto 40\" alt=\"\" title=\"Velotour 2023 Foto 40\"  itemprop=\"thumbnailUrl\" data-envira-srcset=\"https:\/\/routiers-glarus.ch\/wp-content\/uploads\/2023\/08\/Velotour-2023-Foto-40.jpg 400w,https:\/\/routiers-glarus.ch\/wp-content\/uploads\/2023\/08\/Velotour-2023-Foto-40.jpg 2x\" data-envira-width=\"300\" data-envira-height=\"225\" srcset=\"data:image\/gif;base64,R0lGODlhAQABAIAAAP\/\/\/\/\/\/\/yH5BAEKAAEALAAAAAABAAEAAAICTAEAOw==\" data-safe-src=\"data:image\/gif;base64,R0lGODlhAQABAIAAAP\/\/\/\/\/\/\/yH5BAEKAAEALAAAAAABAAEAAAICTAEAOw==\" \/><\/a><\/div><\/div><div id=\"envira-gallery-item-1757\" class=\"envira-gallery-item enviratope-item envira-gallery-item-7 envira-lazy-load\" style=\"padding-left: 1px; padding-bottom: 1px; padding-right: 1px;\"  itemscope itemtype=\"https:\/\/schema.org\/ImageObject\"><div class=\"envira-gallery-item-inner\"><div class=\"envira-gallery-position-overlay  envira-gallery-top-left\"><\/div><div class=\"envira-gallery-position-overlay  envira-gallery-top-right\"><\/div><div class=\"envira-gallery-position-overlay  envira-gallery-bottom-left\"><\/div><div class=\"envira-gallery-position-overlay  envira-gallery-bottom-right\"><\/div><a href=\"https:\/\/routiers-glarus.ch\/wp-content\/uploads\/2023\/08\/Velotour-2023-Foto-39.jpg\" class=\"envira-gallery-1778 envira-gallery-link\" rel=\"enviragallery1778\" title=\"Velotour 2023 Foto 39\" data-envira-caption=\"Velotour 2023 Foto 39\" data-envira-retina=\"\" data-thumbnail=\"\"  itemprop=\"contentUrl\"><img decoding=\"async\" id=\"envira-gallery-image-1757\" class=\"envira-gallery-image envira-gallery-image-7 envira-normal envira-lazy\" data-envira-index=\"7\" src=\"https:\/\/routiers-glarus.ch\/wp-content\/uploads\/2023\/08\/Velotour-2023-Foto-39.jpg\" data-envira-src=\"https:\/\/routiers-glarus.ch\/wp-content\/uploads\/2023\/08\/Velotour-2023-Foto-39.jpg\" data-envira-gallery-id=\"1778\" data-envira-item-id=\"1757\" data-envira-caption=\"Velotour 2023 Foto 39\" alt=\"\" title=\"Velotour 2023 Foto 39\"  itemprop=\"thumbnailUrl\" data-envira-srcset=\"https:\/\/routiers-glarus.ch\/wp-content\/uploads\/2023\/08\/Velotour-2023-Foto-39.jpg 400w,https:\/\/routiers-glarus.ch\/wp-content\/uploads\/2023\/08\/Velotour-2023-Foto-39.jpg 2x\" data-envira-width=\"300\" data-envira-height=\"225\" srcset=\"data:image\/gif;base64,R0lGODlhAQABAIAAAP\/\/\/\/\/\/\/yH5BAEKAAEALAAAAAABAAEAAAICTAEAOw==\" data-safe-src=\"data:image\/gif;base64,R0lGODlhAQABAIAAAP\/\/\/\/\/\/\/yH5BAEKAAEALAAAAAABAAEAAAICTAEAOw==\" \/><\/a><\/div><\/div><div id=\"envira-gallery-item-1762\" class=\"envira-gallery-item enviratope-item envira-gallery-item-8 envira-lazy-load\" style=\"padding-left: 1px; padding-bottom: 1px; padding-right: 1px;\"  itemscope itemtype=\"https:\/\/schema.org\/ImageObject\"><div class=\"envira-gallery-item-inner\"><div class=\"envira-gallery-position-overlay  envira-gallery-top-left\"><\/div><div class=\"envira-gallery-position-overlay  envira-gallery-top-right\"><\/div><div class=\"envira-gallery-position-overlay  envira-gallery-bottom-left\"><\/div><div class=\"envira-gallery-position-overlay  envira-gallery-bottom-right\"><\/div><a href=\"https:\/\/routiers-glarus.ch\/wp-content\/uploads\/2023\/08\/Velotour-2023-Foto-45.jpg\" class=\"envira-gallery-1778 envira-gallery-link\" rel=\"enviragallery1778\" title=\"Velotour 2023 Foto 45\" data-envira-caption=\"Velotour 2023 Foto 45\" data-envira-retina=\"\" data-thumbnail=\"\"  itemprop=\"contentUrl\"><img decoding=\"async\" id=\"envira-gallery-image-1762\" class=\"envira-gallery-image envira-gallery-image-8 envira-normal envira-lazy\" data-envira-index=\"8\" src=\"https:\/\/routiers-glarus.ch\/wp-content\/uploads\/2023\/08\/Velotour-2023-Foto-45-640x480.jpg\" data-envira-src=\"https:\/\/routiers-glarus.ch\/wp-content\/uploads\/2023\/08\/Velotour-2023-Foto-45-640x480.jpg\" data-envira-gallery-id=\"1778\" data-envira-item-id=\"1762\" data-envira-caption=\"Velotour 2023 Foto 45\" alt=\"\" title=\"Velotour 2023 Foto 45\"  itemprop=\"thumbnailUrl\" data-envira-srcset=\"https:\/\/routiers-glarus.ch\/wp-content\/uploads\/2023\/08\/Velotour-2023-Foto-45-640x480.jpg 400w,https:\/\/routiers-glarus.ch\/wp-content\/uploads\/2023\/08\/Velotour-2023-Foto-45-640x480.jpg 2x\" data-envira-width=\"225\" data-envira-height=\"300\" srcset=\"data:image\/gif;base64,R0lGODlhAQABAIAAAP\/\/\/\/\/\/\/yH5BAEKAAEALAAAAAABAAEAAAICTAEAOw==\" data-safe-src=\"data:image\/gif;base64,R0lGODlhAQABAIAAAP\/\/\/\/\/\/\/yH5BAEKAAEALAAAAAABAAEAAAICTAEAOw==\" \/><\/a><\/div><\/div><\/div><\/div><noscript><img decoding=\"async\" src=\"https:\/\/routiers-glarus.ch\/wp-content\/uploads\/2023\/08\/Velotour-2023-Foto-1.jpg\" alt=\"\" \/><img decoding=\"async\" src=\"https:\/\/routiers-glarus.ch\/wp-content\/uploads\/2023\/08\/Velotour-2023-Foto-58.jpg\" alt=\"\" \/><img decoding=\"async\" src=\"https:\/\/routiers-glarus.ch\/wp-content\/uploads\/2023\/08\/Velotour-2023-Foto-14.jpg\" alt=\"\" \/><img decoding=\"async\" src=\"https:\/\/routiers-glarus.ch\/wp-content\/uploads\/2023\/08\/Velotour-2023-Foto-5.jpg\" alt=\"\" \/><img decoding=\"async\" src=\"https:\/\/routiers-glarus.ch\/wp-content\/uploads\/2023\/08\/Velotour-2023-Foto-37.jpg\" alt=\"\" \/><img decoding=\"async\" src=\"https:\/\/routiers-glarus.ch\/wp-content\/uploads\/2023\/08\/Velotour-2023-Foto-40.jpg\" alt=\"\" \/><img decoding=\"async\" src=\"https:\/\/routiers-glarus.ch\/wp-content\/uploads\/2023\/08\/Velotour-2023-Foto-39.jpg\" alt=\"\" \/><img decoding=\"async\" src=\"https:\/\/routiers-glarus.ch\/wp-content\/uploads\/2023\/08\/Velotour-2023-Foto-45.jpg\" alt=\"\" \/><\/noscript><\/div>\n","protected":false},"excerpt":{"rendered":"<p>Am Sonntag 13 August 2023 traf sich die Sektion Glarus zur ersten Velotour. Gestartet wurde um 9 Uhr beim Betonwerk Grynau. Von dort f\u00fchrte die Route zuerst Richtung Benken. Dort teilten wir uns auf. Die gem\u00fctliche Tour dem B\u00fcchel entlang, die Biker fuhren \u00fcber den Benkner B\u00fcchel mit Treffpunkt M\u00f6sli. Weiter f\u00fchrte die Tour via [&hellip;]<\/p>\n","protected":false},"author":1,"featured_media":0,"comment_status":"open","ping_status":"open","sticky":false,"template":"","format":"standard","meta":{"footnotes":""},"categories":[39],"tags":[],"class_list":["post-1777","post","type-post","status-publish","format-standard","hentry","category-eventbericht","entry"],"_links":{"self":[{"href":"https:\/\/routiers-glarus.ch\/index.php?rest_route=\/wp\/v2\/posts\/1777","targetHints":{"allow":["GET"]}}],"collection":[{"href":"https:\/\/routiers-glarus.ch\/index.php?rest_route=\/wp\/v2\/posts"}],"about":[{"href":"https:\/\/routiers-glarus.ch\/index.php?rest_route=\/wp\/v2\/types\/post"}],"author":[{"embeddable":true,"href":"https:\/\/routiers-glarus.ch\/index.php?rest_route=\/wp\/v2\/users\/1"}],"replies":[{"embeddable":true,"href":"https:\/\/routiers-glarus.ch\/index.php?rest_route=%2Fwp%2Fv2%2Fcomments&post=1777"}],"version-history":[{"count":2,"href":"https:\/\/routiers-glarus.ch\/index.php?rest_route=\/wp\/v2\/posts\/1777\/revisions"}],"predecessor-version":[{"id":1837,"href":"https:\/\/routiers-glarus.ch\/index.php?rest_route=\/wp\/v2\/posts\/1777\/revisions\/1837"}],"wp:attachment":[{"href":"https:\/\/routiers-glarus.ch\/index.php?rest_route=%2Fwp%2Fv2%2Fmedia&parent=1777"}],"wp:term":[{"taxonomy":"category","embeddable":true,"href":"https:\/\/routiers-glarus.ch\/index.php?rest_route=%2Fwp%2Fv2%2Fcategories&post=1777"},{"taxonomy":"post_tag","embeddable":true,"href":"https:\/\/routiers-glarus.ch\/index.php?rest_route=%2Fwp%2Fv2%2Ftags&post=1777"}],"curies":[{"name":"wp","href":"https:\/\/api.w.org\/{rel}","templated":true}]}}