{"id":895,"date":"2022-07-17T18:32:50","date_gmt":"2022-07-17T18:32:50","guid":{"rendered":"https:\/\/routiers-glarus.ch\/?p=895"},"modified":"2022-11-03T05:30:30","modified_gmt":"2022-11-03T05:30:30","slug":"familienwanderung-2022","status":"publish","type":"post","link":"https:\/\/routiers-glarus.ch\/?p=895","title":{"rendered":"Familienwanderung 2022"},"content":{"rendered":"\n<p>&nbsp;<strong>17 Juli 2022 Familienwanderung<\/strong>&nbsp; (Steht auf unserem Jahresprogramm)<\/p>\n\n\n\n<p>Das Platzteam, Berni und Hugo starteten bereits um 9 Uhr nach Betlis und sicherten unser Pl\u00e4tzchen. Die Wandergruppe der Sektion Glarus versammelte sich um 10 Uhr auf dem Speerparkplatz in Weesen. Von dort startete die Gruppe mit einer kleinen Tour durch Weesen wo wir die ersten Blicke \u00fcber den Walensee richteten. Weiter gings in Richtung Betlis. Nach einem st\u00fcndigen Fussmarsch, bei bestem Sommerwetter und guter Wanderlaune durften wir unser Pl\u00e4tzchen in Betlis beziehen. Die mitgebrachten Tische standen im Schatten des Zeltes und das Grillfeuer war bereit. Dies alles wurde von unserem Platzteam vorbereitet!<\/p>\n\n\n\n<p>Vielen herzlichen Dank an Berni und Hugo.<\/p>\n\n\n\n<p>Martin und Renato brauchten schon eine Abk\u00fchlung und machten die ersten Schwimmz\u00fcge w\u00e4hrend dem bereits grilliert wurde. Nachdem der Hunger gestillt und der obligate Appenzeller getrunken war, wagten sich noch weitere ins Wasser\u2026<\/p>\n\n\n\n<p>Weiter genossen alle den sch\u00f6nen Sonntag und die Kameradschaft. F\u00fcr den R\u00fcckweg durften wir das Schiff besteigen, dass uns zur\u00fcck nach Weesen brachte. Dort wurde noch ein Kaffeehalt gemacht, der von der Sektion Glarus spendiert wurde. Besten Dank.<\/p>\n\n\n\n<p>Zuletzt marschierte unsere Gruppe noch durchs St\u00e4dtchen Weesen zum Parkplatz zur\u00fcck. Herzlichen Dank allen Teilnehmern und Helfern sowie dem Organisator Sandro. Es war ein wundersch\u00f6ner Tag mit bestem Badewetter.<\/p>\n\n\n\n<div class=\"wp-block-envira-envira-gallery\"><\/div>\n\n\n\n<p>Daniela R\u00f6thlin<\/p>\n","protected":false},"excerpt":{"rendered":"<p>&nbsp;17 Juli 2022 Familienwanderung&nbsp; (Steht auf unserem Jahresprogramm) Das Platzteam, Berni und Hugo starteten bereits um 9 Uhr nach Betlis und sicherten unser Pl\u00e4tzchen. Die Wandergruppe der Sektion Glarus versammelte sich um 10 Uhr auf dem Speerparkplatz in Weesen. Von dort startete die Gruppe mit einer kleinen Tour durch Weesen wo wir die ersten Blicke [&hellip;]<\/p>\n","protected":false},"author":1,"featured_media":0,"comment_status":"open","ping_status":"open","sticky":false,"template":"","format":"standard","meta":{"footnotes":""},"categories":[39],"tags":[],"class_list":["post-895","post","type-post","status-publish","format-standard","hentry","category-eventbericht","entry"],"_links":{"self":[{"href":"https:\/\/routiers-glarus.ch\/index.php?rest_route=\/wp\/v2\/posts\/895","targetHints":{"allow":["GET"]}}],"collection":[{"href":"https:\/\/routiers-glarus.ch\/index.php?rest_route=\/wp\/v2\/posts"}],"about":[{"href":"https:\/\/routiers-glarus.ch\/index.php?rest_route=\/wp\/v2\/types\/post"}],"author":[{"embeddable":true,"href":"https:\/\/routiers-glarus.ch\/index.php?rest_route=\/wp\/v2\/users\/1"}],"replies":[{"embeddable":true,"href":"https:\/\/routiers-glarus.ch\/index.php?rest_route=%2Fwp%2Fv2%2Fcomments&post=895"}],"version-history":[{"count":1,"href":"https:\/\/routiers-glarus.ch\/index.php?rest_route=\/wp\/v2\/posts\/895\/revisions"}],"predecessor-version":[{"id":904,"href":"https:\/\/routiers-glarus.ch\/index.php?rest_route=\/wp\/v2\/posts\/895\/revisions\/904"}],"wp:attachment":[{"href":"https:\/\/routiers-glarus.ch\/index.php?rest_route=%2Fwp%2Fv2%2Fmedia&parent=895"}],"wp:term":[{"taxonomy":"category","embeddable":true,"href":"https:\/\/routiers-glarus.ch\/index.php?rest_route=%2Fwp%2Fv2%2Fcategories&post=895"},{"taxonomy":"post_tag","embeddable":true,"href":"https:\/\/routiers-glarus.ch\/index.php?rest_route=%2Fwp%2Fv2%2Ftags&post=895"}],"curies":[{"name":"wp","href":"https:\/\/api.w.org\/{rel}","templated":true}]}}